{"id":788,"date":"2020-10-16T18:17:10","date_gmt":"2020-10-16T18:17:10","guid":{"rendered":"http:\/\/www.der-dorfacker.de\/?p=788"},"modified":"2021-05-10T16:14:57","modified_gmt":"2021-05-10T16:14:57","slug":"apfelpresse-kommt","status":"publish","type":"post","link":"https:\/\/www.der-dorfacker.de\/?p=788","title":{"rendered":"Apfelpresse kommt"},"content":{"rendered":"\n<p>Aus wunderbaren Kalletaler \u00c4pfeln wird auch in diesem Jahr wieder wunderbarerer Saft! Wir haben f\u00fcr euch die mobile Mosterei bestellt.<\/p>\n\n\n\n<p>Jede*r kann nach Voranmeldung aus eigenen \u00c4pfeln ein k\u00f6stliches Getr\u00e4nk pressen lassen. Dazu braucht ihr nur 50 kg Mindestmenge.<\/p>\n\n\n\n<p>Hier die weiteren Einzelheiten:<br>Wann: <strong>24.10.20, 9 Uhr<\/strong><br>Wo: <strong>Hof Fl\u00f6rkemeier<\/strong><br>Kosten: <strong>5,50 EUR pro Kanister<\/strong><br>Anmeldung:  schnellstm\u00f6glich und unbedingt bei <strong><a href=\"mailto:solawi.langenholzhausen@gmail.com\">Maren Kaschka <\/a><\/strong><\/p>\n\n\n\n<p>Falls Saftkartons vorhanden sind, bringt diese gern mit. Weitere k\u00f6nnt ihr vor Ort kaufen. <\/p>\n\n\n\n<p>Wir freuen euch auf euer Kommen, denn nur so lohnt sich das Ganze!<br>Gutes Gelingen.<\/p>\n\n\n\n<figure class=\"wp-block-gallery columns-2 is-cropped wp-block-gallery-1 is-layout-flex wp-block-gallery-is-layout-flex\"><ul class=\"blocks-gallery-grid\"><li class=\"blocks-gallery-item\"><figure><img loading=\"lazy\" decoding=\"async\" width=\"1200\" height=\"900\" src=\"https:\/\/www.der-dorfacker.de\/wp-content\/uploads\/2020\/10\/IMG_6189-1200x900.jpg\" alt=\"\" data-id=\"791\" class=\"wp-image-791\" srcset=\"https:\/\/www.der-dorfacker.de\/wp-content\/uploads\/2020\/10\/IMG_6189-1200x900.jpg 1200w, https:\/\/www.der-dorfacker.de\/wp-content\/uploads\/2020\/10\/IMG_6189-800x600.jpg 800w, https:\/\/www.der-dorfacker.de\/wp-content\/uploads\/2020\/10\/IMG_6189-768x576.jpg 768w, https:\/\/www.der-dorfacker.de\/wp-content\/uploads\/2020\/10\/IMG_6189-1536x1152.jpg 1536w, https:\/\/www.der-dorfacker.de\/wp-content\/uploads\/2020\/10\/IMG_6189-360x270.jpg 360w, https:\/\/www.der-dorfacker.de\/wp-content\/uploads\/2020\/10\/IMG_6189.jpg 2016w\" sizes=\"auto, (max-width: 1200px) 100vw, 1200px\" \/><\/figure><\/li><li class=\"blocks-gallery-item\"><figure><img loading=\"lazy\" decoding=\"async\" width=\"1200\" height=\"900\" src=\"https:\/\/www.der-dorfacker.de\/wp-content\/uploads\/2020\/10\/IMG_6196-1200x900.jpg\" alt=\"\" data-id=\"792\" data-full-url=\"https:\/\/www.der-dorfacker.de\/wp-content\/uploads\/2020\/10\/IMG_6196.jpg\" data-link=\"https:\/\/www.der-dorfacker.de\/?attachment_id=792\" class=\"wp-image-792\" srcset=\"https:\/\/www.der-dorfacker.de\/wp-content\/uploads\/2020\/10\/IMG_6196-1200x900.jpg 1200w, https:\/\/www.der-dorfacker.de\/wp-content\/uploads\/2020\/10\/IMG_6196-800x600.jpg 800w, https:\/\/www.der-dorfacker.de\/wp-content\/uploads\/2020\/10\/IMG_6196-768x576.jpg 768w, https:\/\/www.der-dorfacker.de\/wp-content\/uploads\/2020\/10\/IMG_6196-1536x1152.jpg 1536w, https:\/\/www.der-dorfacker.de\/wp-content\/uploads\/2020\/10\/IMG_6196-360x270.jpg 360w, https:\/\/www.der-dorfacker.de\/wp-content\/uploads\/2020\/10\/IMG_6196.jpg 2016w\" sizes=\"auto, (max-width: 1200px) 100vw, 1200px\" \/><\/figure><\/li><\/ul><\/figure>\n","protected":false},"excerpt":{"rendered":"<p>Aus wunderbaren Kalletaler \u00c4pfeln wird auch in diesem Jahr wieder wunderbarerer Saft! Wir haben f\u00fcr euch die mobile Mosterei bestellt. Jede*r kann nach Voranmeldung aus eigenen \u00c4pfeln ein k\u00f6stliches Getr\u00e4nk pressen lassen. Dazu braucht ihr nur 50 kg Mindestmenge. Hier die weiteren Einzelheiten:Wann: 24.10.20, 9 UhrWo: Hof Fl\u00f6rkemeierKosten: 5,50 EUR pro KanisterAnmeldung: schnellstm\u00f6glich und unbedingt &hellip; <\/p>\n<p class=\"read-more\"><a class=\"btn btn-default\" href=\"https:\/\/www.der-dorfacker.de\/?p=788\">Weiterlesen<span class=\"screen-reader-text\"> Weiterlesen<\/span><\/a><\/p>\n","protected":false},"author":1,"featured_media":790,"comment_status":"closed","ping_status":"closed","sticky":false,"template":"","format":"standard","meta":{"footnotes":""},"categories":[4,1],"tags":[],"class_list":["post-788","post","type-post","status-publish","format-standard","has-post-thumbnail","hentry","category-aktuelles","category-uncategorized"],"_links":{"self":[{"href":"https:\/\/www.der-dorfacker.de\/index.php?rest_route=\/wp\/v2\/posts\/788","targetHints":{"allow":["GET"]}}],"collection":[{"href":"https:\/\/www.der-dorfacker.de\/index.php?rest_route=\/wp\/v2\/posts"}],"about":[{"href":"https:\/\/www.der-dorfacker.de\/index.php?rest_route=\/wp\/v2\/types\/post"}],"author":[{"embeddable":true,"href":"https:\/\/www.der-dorfacker.de\/index.php?rest_route=\/wp\/v2\/users\/1"}],"replies":[{"embeddable":true,"href":"https:\/\/www.der-dorfacker.de\/index.php?rest_route=%2Fwp%2Fv2%2Fcomments&post=788"}],"version-history":[{"count":6,"href":"https:\/\/www.der-dorfacker.de\/index.php?rest_route=\/wp\/v2\/posts\/788\/revisions"}],"predecessor-version":[{"id":797,"href":"https:\/\/www.der-dorfacker.de\/index.php?rest_route=\/wp\/v2\/posts\/788\/revisions\/797"}],"wp:featuredmedia":[{"embeddable":true,"href":"https:\/\/www.der-dorfacker.de\/index.php?rest_route=\/wp\/v2\/media\/790"}],"wp:attachment":[{"href":"https:\/\/www.der-dorfacker.de\/index.php?rest_route=%2Fwp%2Fv2%2Fmedia&parent=788"}],"wp:term":[{"taxonomy":"category","embeddable":true,"href":"https:\/\/www.der-dorfacker.de\/index.php?rest_route=%2Fwp%2Fv2%2Fcategories&post=788"},{"taxonomy":"post_tag","embeddable":true,"href":"https:\/\/www.der-dorfacker.de\/index.php?rest_route=%2Fwp%2Fv2%2Ftags&post=788"}],"curies":[{"name":"wp","href":"https:\/\/api.w.org\/{rel}","templated":true}]}}