{"id":523,"date":"2018-02-05T18:36:04","date_gmt":"2018-02-05T18:36:04","guid":{"rendered":"http:\/\/www.der-dorfacker.de\/?p=523"},"modified":"2018-02-05T22:08:38","modified_gmt":"2018-02-05T22:08:38","slug":"neu-wir-bei-instagram","status":"publish","type":"post","link":"https:\/\/www.der-dorfacker.de\/?p=523","title":{"rendered":"Neu: Wir bei Instagram"},"content":{"rendered":"<p>Echtes Gem\u00fcse ganz digital: Dank Medien-Profi Johanna M. gibt es seit kurzem einen &#8222;Instagram&#8220;-Account f\u00fcr den &#8222;Dorfacker&#8220;. Da findet Ihr Traum-Fotos, die Ihr gern erg\u00e4nzen k\u00f6nnt.<\/p>\n<p><a href=\"https:\/\/www.instagram.com\/dorfacker_langenholzhausen\/\">Der Dorfacker Langenholzhausen auf Instagram<\/a><\/p>\n<p><img loading=\"lazy\" decoding=\"async\" class=\"alignnone size-medium wp-image-524\" src=\"http:\/\/www.der-dorfacker.de\/wp-content\/uploads\/2018\/02\/instagram-800x776.jpg\" alt=\"\" width=\"800\" height=\"776\" srcset=\"https:\/\/www.der-dorfacker.de\/wp-content\/uploads\/2018\/02\/instagram-800x776.jpg 800w, https:\/\/www.der-dorfacker.de\/wp-content\/uploads\/2018\/02\/instagram-768x745.jpg 768w, https:\/\/www.der-dorfacker.de\/wp-content\/uploads\/2018\/02\/instagram-278x270.jpg 278w, https:\/\/www.der-dorfacker.de\/wp-content\/uploads\/2018\/02\/instagram.jpg 881w\" sizes=\"auto, (max-width: 800px) 100vw, 800px\" \/><\/p>\n<p>&nbsp;<\/p>\n<p>&nbsp;<\/p>\n","protected":false},"excerpt":{"rendered":"<p>Echtes Gem\u00fcse ganz digital: Dank Medien-Profi Johanna M. gibt es seit kurzem einen &#8222;Instagram&#8220;-Account f\u00fcr den &#8222;Dorfacker&#8220;. Da findet Ihr Traum-Fotos, die Ihr gern erg\u00e4nzen k\u00f6nnt. Der Dorfacker Langenholzhausen auf Instagram &nbsp; &nbsp;<\/p>\n","protected":false},"author":1,"featured_media":0,"comment_status":"closed","ping_status":"closed","sticky":false,"template":"","format":"standard","meta":{"footnotes":""},"categories":[4],"tags":[],"class_list":["post-523","post","type-post","status-publish","format-standard","hentry","category-aktuelles"],"_links":{"self":[{"href":"https:\/\/www.der-dorfacker.de\/index.php?rest_route=\/wp\/v2\/posts\/523","targetHints":{"allow":["GET"]}}],"collection":[{"href":"https:\/\/www.der-dorfacker.de\/index.php?rest_route=\/wp\/v2\/posts"}],"about":[{"href":"https:\/\/www.der-dorfacker.de\/index.php?rest_route=\/wp\/v2\/types\/post"}],"author":[{"embeddable":true,"href":"https:\/\/www.der-dorfacker.de\/index.php?rest_route=\/wp\/v2\/users\/1"}],"replies":[{"embeddable":true,"href":"https:\/\/www.der-dorfacker.de\/index.php?rest_route=%2Fwp%2Fv2%2Fcomments&post=523"}],"version-history":[{"count":5,"href":"https:\/\/www.der-dorfacker.de\/index.php?rest_route=\/wp\/v2\/posts\/523\/revisions"}],"predecessor-version":[{"id":535,"href":"https:\/\/www.der-dorfacker.de\/index.php?rest_route=\/wp\/v2\/posts\/523\/revisions\/535"}],"wp:attachment":[{"href":"https:\/\/www.der-dorfacker.de\/index.php?rest_route=%2Fwp%2Fv2%2Fmedia&parent=523"}],"wp:term":[{"taxonomy":"category","embeddable":true,"href":"https:\/\/www.der-dorfacker.de\/index.php?rest_route=%2Fwp%2Fv2%2Fcategories&post=523"},{"taxonomy":"post_tag","embeddable":true,"href":"https:\/\/www.der-dorfacker.de\/index.php?rest_route=%2Fwp%2Fv2%2Ftags&post=523"}],"curies":[{"name":"wp","href":"https:\/\/api.w.org\/{rel}","templated":true}]}}