{"id":1336,"date":"2026-09-01T10:54:49","date_gmt":"2026-09-01T10:54:49","guid":{"rendered":"https:\/\/www.der-dorfacker.de\/?p=1336"},"modified":"2026-09-01T10:54:49","modified_gmt":"2026-09-01T10:54:49","slug":"erntedankfest-am-25-september-2026-auf-dem-acker","status":"publish","type":"post","link":"https:\/\/www.der-dorfacker.de\/?p=1336","title":{"rendered":"Erntedankfest am 25. September 2026 auf dem Acker!"},"content":{"rendered":"\n<figure class=\"wp-block-image size-full\"><img loading=\"lazy\" decoding=\"async\" width=\"460\" height=\"304\" src=\"https:\/\/www.der-dorfacker.de\/wp-content\/uploads\/2026\/09\/Erntedank-2026.png\" alt=\"\" class=\"wp-image-1337\" srcset=\"https:\/\/www.der-dorfacker.de\/wp-content\/uploads\/2026\/09\/Erntedank-2026.png 460w, https:\/\/www.der-dorfacker.de\/wp-content\/uploads\/2026\/09\/Erntedank-2026-409x270.png 409w\" sizes=\"auto, (max-width: 460px) 100vw, 460px\" \/><\/figure>\n\n\n\n<p>Was f\u00fcr ein wundervolles Gem\u00fcsejahr war das bisher! Diese tolle Ernte wollen wir feiern. <strong>Wir treffen uns am 25.09. direkt auf dem Acker zu einem gem\u00fctlichen Beisammensein von 17 bis 20 Uhr.<\/strong> G\u00e4ste, die einmal Solawiluft schnuppern wollen,  sind herzlich willkommen! <\/p>\n","protected":false},"excerpt":{"rendered":"<p>Was f\u00fcr ein wundervolles Gem\u00fcsejahr war das bisher! Diese tolle Ernte wollen wir feiern. Wir treffen uns am 25.09. direkt auf dem Acker zu einem gem\u00fctlichen Beisammensein von 17 bis 20 Uhr. G\u00e4ste, die einmal Solawiluft schnuppern wollen, sind herzlich willkommen!<\/p>\n","protected":false},"author":2,"featured_media":0,"comment_status":"closed","ping_status":"closed","sticky":false,"template":"","format":"standard","meta":{"footnotes":""},"categories":[4],"tags":[],"class_list":["post-1336","post","type-post","status-publish","format-standard","hentry","category-aktuelles"],"_links":{"self":[{"href":"https:\/\/www.der-dorfacker.de\/index.php?rest_route=\/wp\/v2\/posts\/1336","targetHints":{"allow":["GET"]}}],"collection":[{"href":"https:\/\/www.der-dorfacker.de\/index.php?rest_route=\/wp\/v2\/posts"}],"about":[{"href":"https:\/\/www.der-dorfacker.de\/index.php?rest_route=\/wp\/v2\/types\/post"}],"author":[{"embeddable":true,"href":"https:\/\/www.der-dorfacker.de\/index.php?rest_route=\/wp\/v2\/users\/2"}],"replies":[{"embeddable":true,"href":"https:\/\/www.der-dorfacker.de\/index.php?rest_route=%2Fwp%2Fv2%2Fcomments&post=1336"}],"version-history":[{"count":1,"href":"https:\/\/www.der-dorfacker.de\/index.php?rest_route=\/wp\/v2\/posts\/1336\/revisions"}],"predecessor-version":[{"id":1338,"href":"https:\/\/www.der-dorfacker.de\/index.php?rest_route=\/wp\/v2\/posts\/1336\/revisions\/1338"}],"wp:attachment":[{"href":"https:\/\/www.der-dorfacker.de\/index.php?rest_route=%2Fwp%2Fv2%2Fmedia&parent=1336"}],"wp:term":[{"taxonomy":"category","embeddable":true,"href":"https:\/\/www.der-dorfacker.de\/index.php?rest_route=%2Fwp%2Fv2%2Fcategories&post=1336"},{"taxonomy":"post_tag","embeddable":true,"href":"https:\/\/www.der-dorfacker.de\/index.php?rest_route=%2Fwp%2Fv2%2Ftags&post=1336"}],"curies":[{"name":"wp","href":"https:\/\/api.w.org\/{rel}","templated":true}]}}