{"id":1153,"date":"2024-05-18T07:17:39","date_gmt":"2024-05-18T07:17:39","guid":{"rendered":"https:\/\/www.der-dorfacker.de\/?p=1153"},"modified":"2024-05-18T07:17:39","modified_gmt":"2024-05-18T07:17:39","slug":"premiere-fuer-den-ackersamstag","status":"publish","type":"post","link":"https:\/\/www.der-dorfacker.de\/?p=1153","title":{"rendered":"Premiere f\u00fcr den Ackersamstag"},"content":{"rendered":"\n<p>Ein Ackersamstag? Nun, die Arbeit macht sich nicht von allein, aber sie nicht allein zu machen, macht schlicht Spa\u00df. Daher bieten wir euch nun die M\u00f6glichkeit, sich am &#8222;Ackersamstag&#8220; gesellig zu tummeln und ein wenig zu helfen. Ein paar Impressionen von der Premiere:<\/p>\n\n\n\n<p><\/p>\n\n\n\n<figure class=\"wp-block-gallery has-nested-images columns-default is-cropped wp-block-gallery-1 is-layout-flex wp-block-gallery-is-layout-flex\">\n<figure class=\"wp-block-image size-large\"><img loading=\"lazy\" decoding=\"async\" width=\"1200\" height=\"1200\" data-id=\"1154\" src=\"https:\/\/www.der-dorfacker.de\/wp-content\/uploads\/2024\/05\/fe7b6c95-35e5-4cfe-b0c8-83337f8f7931.jpeg\" alt=\"\" class=\"wp-image-1154\" srcset=\"https:\/\/www.der-dorfacker.de\/wp-content\/uploads\/2024\/05\/fe7b6c95-35e5-4cfe-b0c8-83337f8f7931.jpeg 1200w, https:\/\/www.der-dorfacker.de\/wp-content\/uploads\/2024\/05\/fe7b6c95-35e5-4cfe-b0c8-83337f8f7931-800x800.jpeg 800w, https:\/\/www.der-dorfacker.de\/wp-content\/uploads\/2024\/05\/fe7b6c95-35e5-4cfe-b0c8-83337f8f7931-600x600.jpeg 600w, https:\/\/www.der-dorfacker.de\/wp-content\/uploads\/2024\/05\/fe7b6c95-35e5-4cfe-b0c8-83337f8f7931-768x768.jpeg 768w, https:\/\/www.der-dorfacker.de\/wp-content\/uploads\/2024\/05\/fe7b6c95-35e5-4cfe-b0c8-83337f8f7931-270x270.jpeg 270w\" sizes=\"auto, (max-width: 1200px) 100vw, 1200px\" \/><\/figure>\n\n\n\n<figure class=\"wp-block-image size-large\"><img loading=\"lazy\" decoding=\"async\" width=\"1200\" height=\"1200\" data-id=\"1157\" src=\"https:\/\/www.der-dorfacker.de\/wp-content\/uploads\/2024\/05\/IMG_4750-1200x1200.jpeg\" alt=\"\" class=\"wp-image-1157\" srcset=\"https:\/\/www.der-dorfacker.de\/wp-content\/uploads\/2024\/05\/IMG_4750-1200x1200.jpeg 1200w, https:\/\/www.der-dorfacker.de\/wp-content\/uploads\/2024\/05\/IMG_4750-800x800.jpeg 800w, https:\/\/www.der-dorfacker.de\/wp-content\/uploads\/2024\/05\/IMG_4750-600x600.jpeg 600w, https:\/\/www.der-dorfacker.de\/wp-content\/uploads\/2024\/05\/IMG_4750-768x768.jpeg 768w, https:\/\/www.der-dorfacker.de\/wp-content\/uploads\/2024\/05\/IMG_4750-1536x1536.jpeg 1536w, https:\/\/www.der-dorfacker.de\/wp-content\/uploads\/2024\/05\/IMG_4750-2048x2048.jpeg 2048w, https:\/\/www.der-dorfacker.de\/wp-content\/uploads\/2024\/05\/IMG_4750-270x270.jpeg 270w\" sizes=\"auto, (max-width: 1200px) 100vw, 1200px\" \/><\/figure>\n\n\n\n<figure class=\"wp-block-image size-large\"><img loading=\"lazy\" decoding=\"async\" width=\"1200\" height=\"1200\" data-id=\"1155\" src=\"https:\/\/www.der-dorfacker.de\/wp-content\/uploads\/2024\/05\/IMG_4897-1200x1200.jpeg\" alt=\"\" class=\"wp-image-1155\" srcset=\"https:\/\/www.der-dorfacker.de\/wp-content\/uploads\/2024\/05\/IMG_4897-1200x1200.jpeg 1200w, https:\/\/www.der-dorfacker.de\/wp-content\/uploads\/2024\/05\/IMG_4897-800x800.jpeg 800w, https:\/\/www.der-dorfacker.de\/wp-content\/uploads\/2024\/05\/IMG_4897-600x600.jpeg 600w, https:\/\/www.der-dorfacker.de\/wp-content\/uploads\/2024\/05\/IMG_4897-768x768.jpeg 768w, https:\/\/www.der-dorfacker.de\/wp-content\/uploads\/2024\/05\/IMG_4897-1536x1536.jpeg 1536w, https:\/\/www.der-dorfacker.de\/wp-content\/uploads\/2024\/05\/IMG_4897-2048x2048.jpeg 2048w, https:\/\/www.der-dorfacker.de\/wp-content\/uploads\/2024\/05\/IMG_4897-270x270.jpeg 270w\" sizes=\"auto, (max-width: 1200px) 100vw, 1200px\" \/><\/figure>\n\n\n\n<figure class=\"wp-block-image size-large\"><img loading=\"lazy\" decoding=\"async\" width=\"1200\" height=\"1200\" data-id=\"1156\" src=\"https:\/\/www.der-dorfacker.de\/wp-content\/uploads\/2024\/05\/IMG_4899-1200x1200.jpeg\" alt=\"\" class=\"wp-image-1156\" srcset=\"https:\/\/www.der-dorfacker.de\/wp-content\/uploads\/2024\/05\/IMG_4899-1200x1200.jpeg 1200w, https:\/\/www.der-dorfacker.de\/wp-content\/uploads\/2024\/05\/IMG_4899-800x800.jpeg 800w, https:\/\/www.der-dorfacker.de\/wp-content\/uploads\/2024\/05\/IMG_4899-600x600.jpeg 600w, https:\/\/www.der-dorfacker.de\/wp-content\/uploads\/2024\/05\/IMG_4899-768x768.jpeg 768w, https:\/\/www.der-dorfacker.de\/wp-content\/uploads\/2024\/05\/IMG_4899-1536x1536.jpeg 1536w, https:\/\/www.der-dorfacker.de\/wp-content\/uploads\/2024\/05\/IMG_4899-2048x2048.jpeg 2048w, https:\/\/www.der-dorfacker.de\/wp-content\/uploads\/2024\/05\/IMG_4899-270x270.jpeg 270w\" sizes=\"auto, (max-width: 1200px) 100vw, 1200px\" \/><\/figure>\n<\/figure>\n\n\n\n<p><\/p>\n\n\n\n<p>Team &#8222;Kartoffel&#8220; hat 2000 m2 Acker mit Kartoffeln bepflanzt.\u00a0 Belinda, Laura  und Gunda sind nun wohlbehalten in der Erde und wir werden sie  hoffentlich im Herbst alle dick und rund wiedersehen.<br><br>Team &#8222;Quecke&#8220; hat neben der &#8222;Queckenernte&#8220; auch den Kompost geschichtet, Gurken eingetopft und erste Kulturen ins Freiland gebracht.<\/p>\n\n\n\n<p>Der Rasen wurde gem\u00e4ht, die Motorhacke w\u00fchlte sich durch die Reihen und der Sitzplatz wurde versch\u00f6nert.<\/p>\n\n\n\n<p>Nach getaner Arbeit schmeckte es vom neuen Grill besonders lecker und in entspannter Atmosph\u00e4re lie\u00dfen wir den ersten &#8222;Ackersamstag&#8220; ausklingen.<\/p>\n\n\n\n<p>N\u00e4chste Termine sind der 1. Juni und der 13. Juli.<\/p>\n\n\n\n<p>Interessenten k\u00f6nnen uns von 10-14 Uhr gern besuchen kommen und Ackerluft schnuppern, Gem\u00fcse kosten und\/oder auch tatkr\u00e4ftig mit anpacken.&nbsp;<\/p>\n","protected":false},"excerpt":{"rendered":"<p>Ein Ackersamstag? Nun, die Arbeit macht sich nicht von allein, aber sie nicht allein zu machen, macht schlicht Spa\u00df. Daher bieten wir euch nun die M\u00f6glichkeit, sich am &#8222;Ackersamstag&#8220; gesellig zu tummeln und ein wenig zu helfen. Ein paar Impressionen von der Premiere: Team &#8222;Kartoffel&#8220; hat 2000 m2 Acker mit Kartoffeln bepflanzt.\u00a0 Belinda, Laura und &hellip; <\/p>\n<p class=\"read-more\"><a class=\"btn btn-default\" href=\"https:\/\/www.der-dorfacker.de\/?p=1153\">Weiterlesen<span class=\"screen-reader-text\"> Weiterlesen<\/span><\/a><\/p>\n","protected":false},"author":1,"featured_media":0,"comment_status":"closed","ping_status":"closed","sticky":false,"template":"","format":"standard","meta":{"footnotes":""},"categories":[4],"tags":[],"class_list":["post-1153","post","type-post","status-publish","format-standard","hentry","category-aktuelles"],"_links":{"self":[{"href":"https:\/\/www.der-dorfacker.de\/index.php?rest_route=\/wp\/v2\/posts\/1153","targetHints":{"allow":["GET"]}}],"collection":[{"href":"https:\/\/www.der-dorfacker.de\/index.php?rest_route=\/wp\/v2\/posts"}],"about":[{"href":"https:\/\/www.der-dorfacker.de\/index.php?rest_route=\/wp\/v2\/types\/post"}],"author":[{"embeddable":true,"href":"https:\/\/www.der-dorfacker.de\/index.php?rest_route=\/wp\/v2\/users\/1"}],"replies":[{"embeddable":true,"href":"https:\/\/www.der-dorfacker.de\/index.php?rest_route=%2Fwp%2Fv2%2Fcomments&post=1153"}],"version-history":[{"count":1,"href":"https:\/\/www.der-dorfacker.de\/index.php?rest_route=\/wp\/v2\/posts\/1153\/revisions"}],"predecessor-version":[{"id":1158,"href":"https:\/\/www.der-dorfacker.de\/index.php?rest_route=\/wp\/v2\/posts\/1153\/revisions\/1158"}],"wp:attachment":[{"href":"https:\/\/www.der-dorfacker.de\/index.php?rest_route=%2Fwp%2Fv2%2Fmedia&parent=1153"}],"wp:term":[{"taxonomy":"category","embeddable":true,"href":"https:\/\/www.der-dorfacker.de\/index.php?rest_route=%2Fwp%2Fv2%2Fcategories&post=1153"},{"taxonomy":"post_tag","embeddable":true,"href":"https:\/\/www.der-dorfacker.de\/index.php?rest_route=%2Fwp%2Fv2%2Ftags&post=1153"}],"curies":[{"name":"wp","href":"https:\/\/api.w.org\/{rel}","templated":true}]}}