{"id":1073,"date":"2022-12-29T08:54:24","date_gmt":"2022-12-29T08:54:24","guid":{"rendered":"https:\/\/www.der-dorfacker.de\/?p=1073"},"modified":"2022-12-29T09:00:10","modified_gmt":"2022-12-29T09:00:10","slug":"gewonnen","status":"publish","type":"post","link":"https:\/\/www.der-dorfacker.de\/?p=1073","title":{"rendered":"Gewonnen!"},"content":{"rendered":"\n<h4 class=\"wp-block-heading\">Heimatpreis f\u00fcr den &#8222;Dorfacker&#8220;<\/h4>\n\n\n\n<p><br>Was f\u00fcr eine \u00dcberraschung, was f\u00fcr eine Ehre, was f\u00fcr ein Weihnachtsgeschenk: Wir haben den Kalletaler Heimatpreis 2022 erhalten.<\/p>\n\n\n<div class=\"wp-block-image\">\n<figure class=\"aligncenter size-thumbnail is-resized\"><img loading=\"lazy\" decoding=\"async\" src=\"https:\/\/www.der-dorfacker.de\/wp-content\/uploads\/2022\/12\/a5c0a75c-6bb5-4a99-ade1-e45eef2c9022-600x600.jpg\" alt=\"\" class=\"wp-image-1079\" width=\"300\" height=\"300\" srcset=\"https:\/\/www.der-dorfacker.de\/wp-content\/uploads\/2022\/12\/a5c0a75c-6bb5-4a99-ade1-e45eef2c9022-600x600.jpg 600w, https:\/\/www.der-dorfacker.de\/wp-content\/uploads\/2022\/12\/a5c0a75c-6bb5-4a99-ade1-e45eef2c9022-800x800.jpg 800w, https:\/\/www.der-dorfacker.de\/wp-content\/uploads\/2022\/12\/a5c0a75c-6bb5-4a99-ade1-e45eef2c9022-768x768.jpg 768w, https:\/\/www.der-dorfacker.de\/wp-content\/uploads\/2022\/12\/a5c0a75c-6bb5-4a99-ade1-e45eef2c9022-270x270.jpg 270w, https:\/\/www.der-dorfacker.de\/wp-content\/uploads\/2022\/12\/a5c0a75c-6bb5-4a99-ade1-e45eef2c9022.jpg 1024w\" sizes=\"auto, (max-width: 300px) 100vw, 300px\" \/><figcaption class=\"wp-element-caption\">Der Vorstand &#8222;Der Dorfacker&#8220; freut sich ganz doll:<br>Maren Kaschka 1. Vorsitzende Gr\u00fcndungsmitglied<br>Kerstin Otte in Holte 2. Vorsitzende<br>Thomas Kaschka Kassenwart Gr\u00fcndungsmitglied<br>Anke Tautenhahn Schriftf\u00fchrerin<\/figcaption><\/figure>\n<\/div>\n\n\n<p>Die Begr\u00fcndung: Wir bauen Gem\u00fcse vor der eigenen Haust\u00fcr an &#8211; \u00f6kologisch, mit unserer (Wo-)Man-Power und mit &#8222;solidarisch geteilten R\u00fcckenschmerzen&#8220;. Seit 2015 buddeln wir vor den Augen der Dorfgemeinschaft in der Erde, sicher zun\u00e4chst zur Verwunderung vieler Vorbeifahrender. Mit Pioniergeist und Mumm pachteten wir das Ackerst\u00fcck und verwandeln es seitdem in immer ertragreicheres und artenreicheres Land.<\/p>\n\n\n\n<p>Der Dorfacker geh\u00f6rt zu den immer beliebter werdenden &#8222;Solidarischen Landwirtschaften&#8220; in Deutschland, die mit ihren kurzen Transportwegen, dem pestizidfreien Anbau und dem Erhalt von alten und heimischen Sorten l\u00e4ngst den Kinderschuhen erwachsen sind.<\/p>\n\n\n\n<p>Wir engagieren uns dar\u00fcber in der Vereinsgemeinschaft von Langenholzhausen und nehmen an vielerlei Events statt, um unsere Arbeit zu pr\u00e4sentieren und unser aller Gemeinschaft zu st\u00e4rken. So haben bei uns schon die Kinder der Kita und der Grundschule die Gelegenheit, auf dem Dorfacker zu lernen, wo Lebensmittel herkommen.<\/p>\n\n\n\n<p>Es ist das vierte Mal, dass die Gemeinde Kalletal eine Auszeichnung f\u00fcr ehrenamtliches Engagement verleiht. Wir konnten damit unser Budget f\u00fcr 2023 um 2.500 EUR aufstocken. Geld, dass wir f\u00fcr einen \u00fcberdachten Lagerraum und f\u00fcr unsere Treffen gern verwenden m\u00f6chten.<br>Denn: Das Kalletaler Wetter ist und bleibt launisch und wir sind und bleiben gesellig.<\/p>\n\n\n\n<p>Wer noch f\u00fcr 2023 einen Ackeranteil ergattern oder uns anderweitig unterst\u00fctzen m\u00f6chte, meldet sich gern.<\/p>\n\n\n\n<figure class=\"wp-block-gallery has-nested-images columns-default is-cropped wp-block-gallery-1 is-layout-flex wp-block-gallery-is-layout-flex\">\n<figure class=\"wp-block-image size-large\"><img loading=\"lazy\" decoding=\"async\" width=\"1200\" height=\"900\" data-id=\"1078\" src=\"https:\/\/www.der-dorfacker.de\/wp-content\/uploads\/2022\/12\/photo_2022-12-29_09-51-27-1-1200x900.jpg\" alt=\"\" class=\"wp-image-1078\" srcset=\"https:\/\/www.der-dorfacker.de\/wp-content\/uploads\/2022\/12\/photo_2022-12-29_09-51-27-1-1200x900.jpg 1200w, https:\/\/www.der-dorfacker.de\/wp-content\/uploads\/2022\/12\/photo_2022-12-29_09-51-27-1-800x600.jpg 800w, https:\/\/www.der-dorfacker.de\/wp-content\/uploads\/2022\/12\/photo_2022-12-29_09-51-27-1-768x576.jpg 768w, https:\/\/www.der-dorfacker.de\/wp-content\/uploads\/2022\/12\/photo_2022-12-29_09-51-27-1-360x270.jpg 360w, https:\/\/www.der-dorfacker.de\/wp-content\/uploads\/2022\/12\/photo_2022-12-29_09-51-27-1.jpg 1280w\" sizes=\"auto, (max-width: 1200px) 100vw, 1200px\" \/><\/figure>\n\n\n\n<figure class=\"wp-block-image size-large\"><img loading=\"lazy\" decoding=\"async\" width=\"960\" height=\"1280\" data-id=\"1077\" src=\"https:\/\/www.der-dorfacker.de\/wp-content\/uploads\/2022\/12\/photo_2022-12-29_09-51-19-1.jpg\" alt=\"\" class=\"wp-image-1077\" srcset=\"https:\/\/www.der-dorfacker.de\/wp-content\/uploads\/2022\/12\/photo_2022-12-29_09-51-19-1.jpg 960w, https:\/\/www.der-dorfacker.de\/wp-content\/uploads\/2022\/12\/photo_2022-12-29_09-51-19-1-800x1067.jpg 800w, https:\/\/www.der-dorfacker.de\/wp-content\/uploads\/2022\/12\/photo_2022-12-29_09-51-19-1-768x1024.jpg 768w, https:\/\/www.der-dorfacker.de\/wp-content\/uploads\/2022\/12\/photo_2022-12-29_09-51-19-1-203x270.jpg 203w\" sizes=\"auto, (max-width: 960px) 100vw, 960px\" \/><\/figure>\n<figcaption class=\"blocks-gallery-caption wp-element-caption\">Sind aktiver Bestandteil des Dorflebens in Langenholzhausen: Der Kalletaler &#8222;Dorfacker&#8220; hat mit seinem siebenj\u00e4hrigen Engagement viele Fr\u00fcchte &#8211; und reichlich Gem\u00fcse hervorgebracht<\/figcaption><\/figure>\n","protected":false},"excerpt":{"rendered":"<p>Heimatpreis f\u00fcr den &#8222;Dorfacker&#8220; Was f\u00fcr eine \u00dcberraschung, was f\u00fcr eine Ehre, was f\u00fcr ein Weihnachtsgeschenk: Wir haben den Kalletaler Heimatpreis 2022 erhalten. Die Begr\u00fcndung: Wir bauen Gem\u00fcse vor der eigenen Haust\u00fcr an &#8211; \u00f6kologisch, mit unserer (Wo-)Man-Power und mit &#8222;solidarisch geteilten R\u00fcckenschmerzen&#8220;. Seit 2015 buddeln wir vor den Augen der Dorfgemeinschaft in der Erde, &hellip; <\/p>\n<p class=\"read-more\"><a class=\"btn btn-default\" href=\"https:\/\/www.der-dorfacker.de\/?p=1073\">Weiterlesen<span class=\"screen-reader-text\"> Weiterlesen<\/span><\/a><\/p>\n","protected":false},"author":1,"featured_media":1074,"comment_status":"closed","ping_status":"closed","sticky":false,"template":"","format":"standard","meta":{"footnotes":""},"categories":[4,5],"tags":[],"class_list":["post-1073","post","type-post","status-publish","format-standard","has-post-thumbnail","hentry","category-aktuelles","category-die-solawi-langenholzhausen-in-der-presse"],"_links":{"self":[{"href":"https:\/\/www.der-dorfacker.de\/index.php?rest_route=\/wp\/v2\/posts\/1073","targetHints":{"allow":["GET"]}}],"collection":[{"href":"https:\/\/www.der-dorfacker.de\/index.php?rest_route=\/wp\/v2\/posts"}],"about":[{"href":"https:\/\/www.der-dorfacker.de\/index.php?rest_route=\/wp\/v2\/types\/post"}],"author":[{"embeddable":true,"href":"https:\/\/www.der-dorfacker.de\/index.php?rest_route=\/wp\/v2\/users\/1"}],"replies":[{"embeddable":true,"href":"https:\/\/www.der-dorfacker.de\/index.php?rest_route=%2Fwp%2Fv2%2Fcomments&post=1073"}],"version-history":[{"count":2,"href":"https:\/\/www.der-dorfacker.de\/index.php?rest_route=\/wp\/v2\/posts\/1073\/revisions"}],"predecessor-version":[{"id":1082,"href":"https:\/\/www.der-dorfacker.de\/index.php?rest_route=\/wp\/v2\/posts\/1073\/revisions\/1082"}],"wp:featuredmedia":[{"embeddable":true,"href":"https:\/\/www.der-dorfacker.de\/index.php?rest_route=\/wp\/v2\/media\/1074"}],"wp:attachment":[{"href":"https:\/\/www.der-dorfacker.de\/index.php?rest_route=%2Fwp%2Fv2%2Fmedia&parent=1073"}],"wp:term":[{"taxonomy":"category","embeddable":true,"href":"https:\/\/www.der-dorfacker.de\/index.php?rest_route=%2Fwp%2Fv2%2Fcategories&post=1073"},{"taxonomy":"post_tag","embeddable":true,"href":"https:\/\/www.der-dorfacker.de\/index.php?rest_route=%2Fwp%2Fv2%2Ftags&post=1073"}],"curies":[{"name":"wp","href":"https:\/\/api.w.org\/{rel}","templated":true}]}}